{"id":4979,"date":"2024-06-01T16:30:32","date_gmt":"2024-06-01T14:30:32","guid":{"rendered":"https:\/\/www.apide.de\/?p=4979"},"modified":"2024-06-01T16:33:08","modified_gmt":"2024-06-01T14:33:08","slug":"api-auf-der-22-rettmobil","status":"publish","type":"post","link":"https:\/\/www.apide.de\/de\/aktuelles\/api-auf-der-22-rettmobil\/","title":{"rendered":"API auf der 22. RETTmobil"},"content":{"rendered":"\n<p>Vom 15. &#8211; 17. Mai&nbsp;fand traditionell im osthessischen Fulda die Leitmesse f\u00fcr Rettung und Mobilit\u00e4t statt. Wir waren als Aussteller dabei, gemeinsam mit unserem langj\u00e4hrigen Partner der Activa Automobilservice GmbH.<\/p>\n\n\n\n<p>An den ersten beiden Messetagen war der Andrang an unserem Stand gro\u00df. Im Mittelpunkt des gemeinsamen Auftrittes stand die FlexiRamp f\u00fcr den neuen Renault Kangoo. Das Fahrzeug konnte live auf unserem Stand begutachtet werden. Der Kangoo ist schon h\u00e4ufig auf deutschen Stra\u00dfen zu sehen, daher gab und gibt es gro\u00dfen Bedarf f\u00fcr eine ma\u00dfgeschneiderte FlexiRamp.&nbsp;&nbsp;<\/p>\n\n\n\n<h3>Osteurop\u00e4ische Partner im Fokus<\/h3>\n\n\n\n<p>&#8222;Besonders gute Gespr\u00e4che hatten wir in diesem Jahr mit gr\u00f6\u00dferen Umr\u00fcstern aus dem osteurop\u00e4ischen Raum\u201d, res\u00fcmiert API-Gesch\u00e4ftsf\u00fchrer Stephan Schwartz. Das ist wenig verwunderlich, aber gleichzeitig auch eine erfreuliche Entwicklung. Denn besonders in den j\u00fcngeren EU-L\u00e4ndern besteht Nachholbedarf hinsichtlich behindertengerechten Fahrzeugumbauten.<\/p>\n\n\n\n<p>Nat\u00fcrlich wurden die Tage in Fulda auch genutzt, um mit alten Bekannten zu sprechen, aktuelle Entwicklungen aus der Branche zu erfahren und bestehende Kontakte zu pflegen. Der letzte Messetag brachte nur noch wenig Neues, so Schwartz: \u201cWir werden noch mit den Organisatoren sprechen, aus unserer Sicht w\u00e4re eine Verk\u00fcrzung auf zwei Tage sinnvoll. Dieser Meinung waren auch viele andere Aussteller.\u201d&nbsp; &nbsp; &nbsp;<\/p>\n\n\n\n<p>Generell erreichte die Messe bei Besuchern und Ausstellern fast schon wieder das Niveau von vor Corona. 483 Aussteller lockten \u00fcber 30.000 Fachbesucher aus 50 L\u00e4ndern an.&nbsp;Wir planen den Termin f\u00fcr die n\u00e4chste RETTmobil vom 14. &#8211; 16. Mai 2025 jedenfalls fest in unserem Messekalender ein.<\/p>\n","protected":false},"excerpt":{"rendered":"<p>Vom 15. &#8211; 17. Mai&nbsp;fand traditionell im osthessischen Fulda die Leitmesse f\u00fcr Rettung und Mobilit\u00e4t statt. Wir waren als Aussteller dabei, gemeinsam mit unserem langj\u00e4hrigen Partner der Activa Automobilservice GmbH. An den ersten beiden Messetagen war der Andrang an unserem Stand gro\u00df. Im Mittelpunkt des [&hellip;]<\/p>\n","protected":false},"author":5,"featured_media":4986,"comment_status":"closed","ping_status":"closed","sticky":false,"template":"","format":"standard","meta":[],"categories":[1],"tags":[28,40,32],"_links":{"self":[{"href":"https:\/\/www.apide.de\/de\/wp-json\/wp\/v2\/posts\/4979"}],"collection":[{"href":"https:\/\/www.apide.de\/de\/wp-json\/wp\/v2\/posts"}],"about":[{"href":"https:\/\/www.apide.de\/de\/wp-json\/wp\/v2\/types\/post"}],"author":[{"embeddable":true,"href":"https:\/\/www.apide.de\/de\/wp-json\/wp\/v2\/users\/5"}],"replies":[{"embeddable":true,"href":"https:\/\/www.apide.de\/de\/wp-json\/wp\/v2\/comments?post=4979"}],"version-history":[{"count":2,"href":"https:\/\/www.apide.de\/de\/wp-json\/wp\/v2\/posts\/4979\/revisions"}],"predecessor-version":[{"id":4985,"href":"https:\/\/www.apide.de\/de\/wp-json\/wp\/v2\/posts\/4979\/revisions\/4985"}],"wp:featuredmedia":[{"embeddable":true,"href":"https:\/\/www.apide.de\/de\/wp-json\/wp\/v2\/media\/4986"}],"wp:attachment":[{"href":"https:\/\/www.apide.de\/de\/wp-json\/wp\/v2\/media?parent=4979"}],"wp:term":[{"taxonomy":"category","embeddable":true,"href":"https:\/\/www.apide.de\/de\/wp-json\/wp\/v2\/categories?post=4979"},{"taxonomy":"post_tag","embeddable":true,"href":"https:\/\/www.apide.de\/de\/wp-json\/wp\/v2\/tags?post=4979"}],"curies":[{"name":"wp","href":"https:\/\/api.w.org\/{rel}","templated":true}]}}